{"id":3406,"date":"2018-05-31T19:40:25","date_gmt":"2018-05-31T16:40:25","guid":{"rendered":"https:\/\/www.one-it.ro\/blog\/?p=3406"},"modified":"2018-05-31T19:46:06","modified_gmt":"2018-05-31T16:46:06","slug":"one-it-organizat-conferinta-gdpr","status":"publish","type":"post","link":"https:\/\/www.one-it.ro\/blog\/one-it-organizat-conferinta-gdpr\/","title":{"rendered":"One-IT a organizat o conferin\u021b\u0103 despre GDPR"},"content":{"rendered":"\n\n<div class=\"kk-star-ratings kksr-auto kksr-align-right kksr-valign-top\"\n    data-payload='{&quot;align&quot;:&quot;right&quot;,&quot;id&quot;:&quot;3406&quot;,&quot;slug&quot;:&quot;default&quot;,&quot;valign&quot;:&quot;top&quot;,&quot;ignore&quot;:&quot;&quot;,&quot;reference&quot;:&quot;auto&quot;,&quot;class&quot;:&quot;&quot;,&quot;count&quot;:&quot;0&quot;,&quot;legendonly&quot;:&quot;&quot;,&quot;readonly&quot;:&quot;&quot;,&quot;score&quot;:&quot;0&quot;,&quot;starsonly&quot;:&quot;&quot;,&quot;best&quot;:&quot;5&quot;,&quot;gap&quot;:&quot;4&quot;,&quot;greet&quot;:&quot;Rate this post&quot;,&quot;legend&quot;:&quot;0\\\/5 - (0 votes)&quot;,&quot;size&quot;:&quot;12&quot;,&quot;width&quot;:&quot;0&quot;,&quot;_legend&quot;:&quot;{score}\\\/{best} - ({count} {votes})&quot;,&quot;font_factor&quot;:&quot;1.25&quot;}'>\n            \n<div class=\"kksr-stars\">\n    \n<div class=\"kksr-stars-inactive\">\n            <div class=\"kksr-star\" data-star=\"1\" style=\"padding-right: 4px\">\n            \n\n<div class=\"kksr-icon\" style=\"width: 12px; height: 12px;\"><\/div>\n        <\/div>\n            <div class=\"kksr-star\" data-star=\"2\" style=\"padding-right: 4px\">\n            \n\n<div class=\"kksr-icon\" style=\"width: 12px; height: 12px;\"><\/div>\n        <\/div>\n            <div class=\"kksr-star\" data-star=\"3\" style=\"padding-right: 4px\">\n            \n\n<div class=\"kksr-icon\" style=\"width: 12px; height: 12px;\"><\/div>\n        <\/div>\n            <div class=\"kksr-star\" data-star=\"4\" style=\"padding-right: 4px\">\n            \n\n<div class=\"kksr-icon\" style=\"width: 12px; height: 12px;\"><\/div>\n        <\/div>\n            <div class=\"kksr-star\" data-star=\"5\" style=\"padding-right: 4px\">\n            \n\n<div class=\"kksr-icon\" style=\"width: 12px; height: 12px;\"><\/div>\n        <\/div>\n    <\/div>\n    \n<div class=\"kksr-stars-active\" style=\"width: 0px;\">\n            <div class=\"kksr-star\" style=\"padding-right: 4px\">\n            \n\n<div class=\"kksr-icon\" style=\"width: 12px; height: 12px;\"><\/div>\n        <\/div>\n            <div class=\"kksr-star\" style=\"padding-right: 4px\">\n            \n\n<div class=\"kksr-icon\" style=\"width: 12px; height: 12px;\"><\/div>\n        <\/div>\n            <div class=\"kksr-star\" style=\"padding-right: 4px\">\n            \n\n<div class=\"kksr-icon\" style=\"width: 12px; height: 12px;\"><\/div>\n        <\/div>\n            <div class=\"kksr-star\" style=\"padding-right: 4px\">\n            \n\n<div class=\"kksr-icon\" style=\"width: 12px; height: 12px;\"><\/div>\n        <\/div>\n            <div class=\"kksr-star\" style=\"padding-right: 4px\">\n            \n\n<div class=\"kksr-icon\" style=\"width: 12px; height: 12px;\"><\/div>\n        <\/div>\n    <\/div>\n<\/div>\n                \n\n<div class=\"kksr-legend\" style=\"font-size: 9.6px;\">\n            <span class=\"kksr-muted\">Rate this post<\/span>\n    <\/div>\n    <\/div>\n<p>\u00cen 25 mai 2018 au intrat \u00een vigoare noile Reglement\u0103ri EU privind protec\u021bia datelor cu caracter personal. Cu aceast\u0103 ocazie, One-IT a considerat c\u0103 este necesar \u0219i oportun un eveniment care s\u0103 dezbat\u0103 mai \u00een detaliu mult discutatul subiect GDPR. Astfel, a avut loc \u00een 30 mai, Conferin\u021ba despre GDPR, la care au participat clien\u021bi B2B ai One-IT, \u00een cadrul Eurohotel Baia Mare.<\/p>\n<p>Scopul conferin\u021bei a fost informarea privind Regulamentul (UE) 2016\/679 pentru\u00a0<strong>con\u0219tientizarea, responsabilizarea \u0219i implementarea reglement\u0103rilor \u00een cadrul companiilor.<\/strong><!--more--><\/p>\n<p>Invitatul special al evenimentului, <em>Paul Belcin<\/em>, Business Development Manager Microsoft Azure, a f\u0103cut o incursiune \u00een detaliu privind GDPR-ul \u0219i mai mult, a r\u0103spuns \u00eentreb\u0103rilor participan\u021bilor, care au ascultat cu aten\u021bie \u0219i interes informa\u021bii pre\u021bioase, pe care le pot implementa chiar ei \u00een businessul lor.<\/p>\n<p>Paul Belcin a vorbit despre importan\u021ba GDPR-ului, despre implica\u021biile pe care le are la nivel intern \u00een cadrul companiei, precum \u0219i \u00een rela\u021bia cu partenerii \u0219i clien\u021bii. \u00cen plus, a oferit exemple privind procedurile de implementare \u0219i solu\u021biile de securitate necesare pentru a fi \u00een conformitate cu legea.<\/p>\n<p>Conferin\u021ba a g\u0103zduit peste 50 de invita\u021bi, clien\u021bi One-IT, dornici de cunoa\u0219tere. Cu ocazia acestei \u00eent\u00e2lniri, participan\u021bii au socializat \u0219i au \u00eemp\u0103rt\u0103\u0219it diferite opinii, nel\u0103muriri \u0219i exemple personale \u00een contextul aplic\u0103rii regulamentului GDPR.<\/p>\n<p><em>Nicolae On\u021biu<\/em>, directorul general al One-IT a precizat: \u201eOne-IT este aproape de clien\u021bi \u0219i cu fiecare ocazie se implic\u0103 \u00een dezvoltarea mediului de business regional. De aceea, cu ocazia intr\u0103rii \u00een vigoare a legii GDPR, am considerat c\u0103 e oportun s\u0103 aducem \u00een discu\u021bie ce presupune de fapt GDPR. Invitatul nostru special ne-a prezentat \u00eentr-un mod profesionist \u0219i simplu tot ce trebuie s\u0103 \u0219tim despre GDPR \u0219i cum trebuie s\u0103 implement\u0103m \u00een cadrul fiec\u0103rei companii noile reglement\u0103ri. Mai mult, am abordat \u0219i un subiect foarte interesant, cum putem s\u0103 traonfnsform\u0103m aceast\u0103 nou\u0103 provocare \u00eentr-o oportunitate real\u0103 de business. Le mul\u021bumim tuturor celor prezen\u021bi pentru c\u0103 au fost al\u0103turi de noi \u00een acest demers extrem de util.\u201d<\/p>\n<p>\u201eImportan\u021ba \u0219i securitatea datelor cu caracter personal au trecut la un alt nivel. Regulamentul EU GDPR stabile\u0219te un echilibru \u00eentre drepturile persoanelor fizice la intimitate \u0219i modul cum vor func\u021biona procedurile interne ale companiilor \u00een ceea ce prive\u0219te departamentul HR&amp;Payroll, Marketing, Comercial, Legal \u0219i IT. De aceea, aceast\u0103 conferin\u021b\u0103 reprezint\u0103 o ocazie oportun\u0103 pentru a introduce oamenii de business \u00een tainele GDPR-ului, care sunt clare \u0219i de bun-sim\u021b. Con\u0219tientizarea \u0219i responsabilitatea sunt puncte-cheie \u00een implementarea GDPR-ului la nivel de companie. Iar aceast\u0103 bine-venit\u0103 \u00eent\u00e2lnire organizat\u0103 de One-IT a fost un real success datorit\u0103 interesului \u0219i proactivit\u0103\u021bii participan\u021bilor\u201d,a ad\u0103ugat <em>Paul Belcin<\/em>, invitatul special al conferin\u021bei.<\/p>\n<p>Participan\u021bii au asigurat succesul evenimentului, fiind proactivi \u00een dezbaterea acestui subiect de interes, pun\u00e2nd \u00eentreb\u0103ri pertinente \u0219i inedite, pentru a afla toate detaliile despre noua directiv\u0103 european\u0103 privind protec\u021bia datelor cu caracter personal. Acest interes este binevenit \u0219i dovede\u0219te faptul c\u0103 fiecare companie este dornic\u0103 s\u0103 se alinieze noilor reglement\u0103ri.<\/p>\n<p>Noua directiv\u0103 european\u0103 reprezint\u0103 o provocare pentru fiecare companie din \u021bar\u0103, \u00eens\u0103 cu responsabilitate, implicare \u0219i organizare, va fi \u00eendeplinit\u0103 cu succes.<\/p>\n<p><img decoding=\"async\" loading=\"lazy\" class=\"aligncenter size-full wp-image-3409\" src=\"https:\/\/www.one-it.ro\/blog\/wp-content\/uploads\/2018\/05\/2_GDPR_conferinta.jpg\" alt=\"conferin\u021ba GDPR\" width=\"2206\" height=\"1228\" \/><\/p>\n<p><img decoding=\"async\" loading=\"lazy\" class=\"aligncenter size-full wp-image-3410\" src=\"https:\/\/www.one-it.ro\/blog\/wp-content\/uploads\/2018\/05\/3_GDPR_conferinta.jpg\" alt=\"\" width=\"4928\" height=\"3264\" \/><\/p>\n","protected":false},"excerpt":{"rendered":"<p>\u00cen 25 mai 2018 au intrat \u00een vigoare noile Reglement\u0103ri EU privind protec\u021bia datelor cu caracter personal. Cu aceast\u0103 ocazie, One-IT a considerat c\u0103 este necesar \u0219i oportun un eveniment care s\u0103 dezbat\u0103 mai \u00een detaliu mult discutatul subiect GDPR. Astfel, a avut loc \u00een 30 mai, Conferin\u021ba despre GDPR, la care au participat clien\u021bi [&hellip;]<\/p>\n","protected":false},"author":4,"featured_media":3408,"comment_status":"open","ping_status":"open","sticky":false,"template":"","format":"standard","meta":{"om_disable_all_campaigns":false,"_monsterinsights_skip_tracking":false,"_monsterinsights_sitenote_active":false,"_monsterinsights_sitenote_note":"","_monsterinsights_sitenote_category":0},"categories":[7],"tags":[],"yoast_head":"<!-- This site is optimized with the Yoast SEO plugin v20.1 - https:\/\/yoast.com\/wordpress\/plugins\/seo\/ -->\n<title>One-IT a organizat o conferin\u021b\u0103 GDPR pentru informarea \u0219i con\u0219tientizarea noilor reglement\u0103ri.<\/title>\n<meta name=\"description\" content=\"One-IT a organizat \u00een 30 mai, Conferin\u021ba despre GDPR pentru informarea, con\u0219tientizarea \u0219i implementarea reglement\u0103rilor \u00een cadrul companiilor.\" \/>\n<meta name=\"robots\" content=\"index, follow, max-snippet:-1, max-image-preview:large, max-video-preview:-1\" \/>\n<link rel=\"canonical\" href=\"https:\/\/www.one-it.ro\/blog\/one-it-organizat-conferinta-gdpr\/\" \/>\n<meta property=\"og:locale\" content=\"ro_RO\" \/>\n<meta property=\"og:type\" content=\"article\" \/>\n<meta property=\"og:title\" content=\"One-IT a organizat o conferin\u021b\u0103 GDPR pentru informarea \u0219i con\u0219tientizarea noilor reglement\u0103ri.\" \/>\n<meta property=\"og:description\" content=\"One-IT a organizat \u00een 30 mai, Conferin\u021ba despre GDPR pentru informarea, con\u0219tientizarea \u0219i implementarea reglement\u0103rilor \u00een cadrul companiilor.\" \/>\n<meta property=\"og:url\" content=\"https:\/\/www.one-it.ro\/blog\/one-it-organizat-conferinta-gdpr\/\" \/>\n<meta property=\"og:site_name\" content=\"One-IT blog\" \/>\n<meta property=\"article:publisher\" content=\"https:\/\/www.facebook.com\/OneIT\" \/>\n<meta property=\"article:published_time\" content=\"2018-05-31T16:40:25+00:00\" \/>\n<meta property=\"article:modified_time\" content=\"2018-05-31T16:46:06+00:00\" \/>\n<meta property=\"og:image\" content=\"https:\/\/www.one-it.ro\/blog\/wp-content\/uploads\/2018\/05\/1_GDPR_conferinta-1.jpg\" \/>\n\t<meta property=\"og:image:width\" content=\"3887\" \/>\n\t<meta property=\"og:image:height\" content=\"2187\" \/>\n\t<meta property=\"og:image:type\" content=\"image\/jpeg\" \/>\n<meta name=\"author\" content=\"Gabriela\" \/>\n<meta name=\"twitter:card\" content=\"summary_large_image\" \/>\n<meta name=\"twitter:creator\" content=\"@oneitro\" \/>\n<meta name=\"twitter:site\" content=\"@oneitro\" \/>\n<meta name=\"twitter:label1\" content=\"Scris de\" \/>\n\t<meta name=\"twitter:data1\" content=\"Gabriela\" \/>\n\t<meta name=\"twitter:label2\" content=\"Timp estimat pentru citire\" \/>\n\t<meta name=\"twitter:data2\" content=\"3 minute\" \/>\n<script type=\"application\/ld+json\" class=\"yoast-schema-graph\">{\"@context\":\"https:\/\/schema.org\",\"@graph\":[{\"@type\":\"Article\",\"@id\":\"https:\/\/www.one-it.ro\/blog\/one-it-organizat-conferinta-gdpr\/#article\",\"isPartOf\":{\"@id\":\"https:\/\/www.one-it.ro\/blog\/one-it-organizat-conferinta-gdpr\/\"},\"author\":{\"name\":\"Gabriela\",\"@id\":\"https:\/\/www.one-it.ro\/blog\/#\/schema\/person\/6f9301b0b13e41b64fc7ff4de0c91fa2\"},\"headline\":\"One-IT a organizat o conferin\u021b\u0103 despre GDPR\",\"datePublished\":\"2018-05-31T16:40:25+00:00\",\"dateModified\":\"2018-05-31T16:46:06+00:00\",\"mainEntityOfPage\":{\"@id\":\"https:\/\/www.one-it.ro\/blog\/one-it-organizat-conferinta-gdpr\/\"},\"wordCount\":562,\"commentCount\":0,\"publisher\":{\"@id\":\"https:\/\/www.one-it.ro\/blog\/#organization\"},\"articleSection\":[\"Evenimente\"],\"inLanguage\":\"ro-RO\",\"potentialAction\":[{\"@type\":\"CommentAction\",\"name\":\"Comment\",\"target\":[\"https:\/\/www.one-it.ro\/blog\/one-it-organizat-conferinta-gdpr\/#respond\"]}]},{\"@type\":\"WebPage\",\"@id\":\"https:\/\/www.one-it.ro\/blog\/one-it-organizat-conferinta-gdpr\/\",\"url\":\"https:\/\/www.one-it.ro\/blog\/one-it-organizat-conferinta-gdpr\/\",\"name\":\"One-IT a organizat o conferin\u021b\u0103 GDPR pentru informarea \u0219i con\u0219tientizarea noilor reglement\u0103ri.\",\"isPartOf\":{\"@id\":\"https:\/\/www.one-it.ro\/blog\/#website\"},\"datePublished\":\"2018-05-31T16:40:25+00:00\",\"dateModified\":\"2018-05-31T16:46:06+00:00\",\"description\":\"One-IT a organizat \u00een 30 mai, Conferin\u021ba despre GDPR pentru informarea, con\u0219tientizarea \u0219i implementarea reglement\u0103rilor \u00een cadrul companiilor.\",\"inLanguage\":\"ro-RO\",\"potentialAction\":[{\"@type\":\"ReadAction\",\"target\":[\"https:\/\/www.one-it.ro\/blog\/one-it-organizat-conferinta-gdpr\/\"]}]},{\"@type\":\"WebSite\",\"@id\":\"https:\/\/www.one-it.ro\/blog\/#website\",\"url\":\"https:\/\/www.one-it.ro\/blog\/\",\"name\":\"One-IT blog\",\"description\":\"Mai mult dec\u00e2t un expert, un prieten!\",\"publisher\":{\"@id\":\"https:\/\/www.one-it.ro\/blog\/#organization\"},\"potentialAction\":[{\"@type\":\"SearchAction\",\"target\":{\"@type\":\"EntryPoint\",\"urlTemplate\":\"https:\/\/www.one-it.ro\/blog\/?s={search_term_string}\"},\"query-input\":\"required name=search_term_string\"}],\"inLanguage\":\"ro-RO\"},{\"@type\":\"Organization\",\"@id\":\"https:\/\/www.one-it.ro\/blog\/#organization\",\"name\":\"ONE-IT\",\"url\":\"https:\/\/www.one-it.ro\/blog\/\",\"logo\":{\"@type\":\"ImageObject\",\"inLanguage\":\"ro-RO\",\"@id\":\"https:\/\/www.one-it.ro\/blog\/#\/schema\/logo\/image\/\",\"url\":\"https:\/\/www.one-it.ro\/blog\/wp-content\/uploads\/2019\/10\/logo_OneIT.png\",\"contentUrl\":\"https:\/\/www.one-it.ro\/blog\/wp-content\/uploads\/2019\/10\/logo_OneIT.png\",\"width\":255,\"height\":230,\"caption\":\"ONE-IT\"},\"image\":{\"@id\":\"https:\/\/www.one-it.ro\/blog\/#\/schema\/logo\/image\/\"},\"sameAs\":[\"https:\/\/www.facebook.com\/OneIT\",\"https:\/\/twitter.com\/oneitro\",\"https:\/\/www.instagram.com\/oneit.ro\/\",\"https:\/\/www.linkedin.com\/company\/oneit\/\",\"https:\/\/www.youtube.com\/oneit\"]},{\"@type\":\"Person\",\"@id\":\"https:\/\/www.one-it.ro\/blog\/#\/schema\/person\/6f9301b0b13e41b64fc7ff4de0c91fa2\",\"name\":\"Gabriela\",\"image\":{\"@type\":\"ImageObject\",\"inLanguage\":\"ro-RO\",\"@id\":\"https:\/\/www.one-it.ro\/blog\/#\/schema\/person\/image\/\",\"url\":\"https:\/\/secure.gravatar.com\/avatar\/1007da32e4544ea8b1a58fdb9fe846ae?s=96&d=mm&r=g\",\"contentUrl\":\"https:\/\/secure.gravatar.com\/avatar\/1007da32e4544ea8b1a58fdb9fe846ae?s=96&d=mm&r=g\",\"caption\":\"Gabriela\"},\"description\":\"ONE-IT - Smart technologies, Cyber Security, Cloud, integrated IT solutions for business productivity. Detalii despre noi: echipa One-IT\",\"sameAs\":[\"http:\/\/goo.gl\/DCFbmW\"],\"url\":\"https:\/\/www.one-it.ro\/blog\/author\/gabriela\/\"}]}<\/script>\n<!-- \/ Yoast SEO plugin. -->","yoast_head_json":{"title":"One-IT a organizat o conferin\u021b\u0103 GDPR pentru informarea \u0219i con\u0219tientizarea noilor reglement\u0103ri.","description":"One-IT a organizat \u00een 30 mai, Conferin\u021ba despre GDPR pentru informarea, con\u0219tientizarea \u0219i implementarea reglement\u0103rilor \u00een cadrul companiilor.","robots":{"index":"index","follow":"follow","max-snippet":"max-snippet:-1","max-image-preview":"max-image-preview:large","max-video-preview":"max-video-preview:-1"},"canonical":"https:\/\/www.one-it.ro\/blog\/one-it-organizat-conferinta-gdpr\/","og_locale":"ro_RO","og_type":"article","og_title":"One-IT a organizat o conferin\u021b\u0103 GDPR pentru informarea \u0219i con\u0219tientizarea noilor reglement\u0103ri.","og_description":"One-IT a organizat \u00een 30 mai, Conferin\u021ba despre GDPR pentru informarea, con\u0219tientizarea \u0219i implementarea reglement\u0103rilor \u00een cadrul companiilor.","og_url":"https:\/\/www.one-it.ro\/blog\/one-it-organizat-conferinta-gdpr\/","og_site_name":"One-IT blog","article_publisher":"https:\/\/www.facebook.com\/OneIT","article_published_time":"2018-05-31T16:40:25+00:00","article_modified_time":"2018-05-31T16:46:06+00:00","og_image":[{"width":3887,"height":2187,"url":"https:\/\/www.one-it.ro\/blog\/wp-content\/uploads\/2018\/05\/1_GDPR_conferinta-1.jpg","type":"image\/jpeg"}],"author":"Gabriela","twitter_card":"summary_large_image","twitter_creator":"@oneitro","twitter_site":"@oneitro","twitter_misc":{"Scris de":"Gabriela","Timp estimat pentru citire":"3 minute"},"schema":{"@context":"https:\/\/schema.org","@graph":[{"@type":"Article","@id":"https:\/\/www.one-it.ro\/blog\/one-it-organizat-conferinta-gdpr\/#article","isPartOf":{"@id":"https:\/\/www.one-it.ro\/blog\/one-it-organizat-conferinta-gdpr\/"},"author":{"name":"Gabriela","@id":"https:\/\/www.one-it.ro\/blog\/#\/schema\/person\/6f9301b0b13e41b64fc7ff4de0c91fa2"},"headline":"One-IT a organizat o conferin\u021b\u0103 despre GDPR","datePublished":"2018-05-31T16:40:25+00:00","dateModified":"2018-05-31T16:46:06+00:00","mainEntityOfPage":{"@id":"https:\/\/www.one-it.ro\/blog\/one-it-organizat-conferinta-gdpr\/"},"wordCount":562,"commentCount":0,"publisher":{"@id":"https:\/\/www.one-it.ro\/blog\/#organization"},"articleSection":["Evenimente"],"inLanguage":"ro-RO","potentialAction":[{"@type":"CommentAction","name":"Comment","target":["https:\/\/www.one-it.ro\/blog\/one-it-organizat-conferinta-gdpr\/#respond"]}]},{"@type":"WebPage","@id":"https:\/\/www.one-it.ro\/blog\/one-it-organizat-conferinta-gdpr\/","url":"https:\/\/www.one-it.ro\/blog\/one-it-organizat-conferinta-gdpr\/","name":"One-IT a organizat o conferin\u021b\u0103 GDPR pentru informarea \u0219i con\u0219tientizarea noilor reglement\u0103ri.","isPartOf":{"@id":"https:\/\/www.one-it.ro\/blog\/#website"},"datePublished":"2018-05-31T16:40:25+00:00","dateModified":"2018-05-31T16:46:06+00:00","description":"One-IT a organizat \u00een 30 mai, Conferin\u021ba despre GDPR pentru informarea, con\u0219tientizarea \u0219i implementarea reglement\u0103rilor \u00een cadrul companiilor.","inLanguage":"ro-RO","potentialAction":[{"@type":"ReadAction","target":["https:\/\/www.one-it.ro\/blog\/one-it-organizat-conferinta-gdpr\/"]}]},{"@type":"WebSite","@id":"https:\/\/www.one-it.ro\/blog\/#website","url":"https:\/\/www.one-it.ro\/blog\/","name":"One-IT blog","description":"Mai mult dec\u00e2t un expert, un prieten!","publisher":{"@id":"https:\/\/www.one-it.ro\/blog\/#organization"},"potentialAction":[{"@type":"SearchAction","target":{"@type":"EntryPoint","urlTemplate":"https:\/\/www.one-it.ro\/blog\/?s={search_term_string}"},"query-input":"required name=search_term_string"}],"inLanguage":"ro-RO"},{"@type":"Organization","@id":"https:\/\/www.one-it.ro\/blog\/#organization","name":"ONE-IT","url":"https:\/\/www.one-it.ro\/blog\/","logo":{"@type":"ImageObject","inLanguage":"ro-RO","@id":"https:\/\/www.one-it.ro\/blog\/#\/schema\/logo\/image\/","url":"https:\/\/www.one-it.ro\/blog\/wp-content\/uploads\/2019\/10\/logo_OneIT.png","contentUrl":"https:\/\/www.one-it.ro\/blog\/wp-content\/uploads\/2019\/10\/logo_OneIT.png","width":255,"height":230,"caption":"ONE-IT"},"image":{"@id":"https:\/\/www.one-it.ro\/blog\/#\/schema\/logo\/image\/"},"sameAs":["https:\/\/www.facebook.com\/OneIT","https:\/\/twitter.com\/oneitro","https:\/\/www.instagram.com\/oneit.ro\/","https:\/\/www.linkedin.com\/company\/oneit\/","https:\/\/www.youtube.com\/oneit"]},{"@type":"Person","@id":"https:\/\/www.one-it.ro\/blog\/#\/schema\/person\/6f9301b0b13e41b64fc7ff4de0c91fa2","name":"Gabriela","image":{"@type":"ImageObject","inLanguage":"ro-RO","@id":"https:\/\/www.one-it.ro\/blog\/#\/schema\/person\/image\/","url":"https:\/\/secure.gravatar.com\/avatar\/1007da32e4544ea8b1a58fdb9fe846ae?s=96&d=mm&r=g","contentUrl":"https:\/\/secure.gravatar.com\/avatar\/1007da32e4544ea8b1a58fdb9fe846ae?s=96&d=mm&r=g","caption":"Gabriela"},"description":"ONE-IT - Smart technologies, Cyber Security, Cloud, integrated IT solutions for business productivity. Detalii despre noi: echipa One-IT","sameAs":["http:\/\/goo.gl\/DCFbmW"],"url":"https:\/\/www.one-it.ro\/blog\/author\/gabriela\/"}]}},"_links":{"self":[{"href":"https:\/\/www.one-it.ro\/blog\/wp-json\/wp\/v2\/posts\/3406"}],"collection":[{"href":"https:\/\/www.one-it.ro\/blog\/wp-json\/wp\/v2\/posts"}],"about":[{"href":"https:\/\/www.one-it.ro\/blog\/wp-json\/wp\/v2\/types\/post"}],"author":[{"embeddable":true,"href":"https:\/\/www.one-it.ro\/blog\/wp-json\/wp\/v2\/users\/4"}],"replies":[{"embeddable":true,"href":"https:\/\/www.one-it.ro\/blog\/wp-json\/wp\/v2\/comments?post=3406"}],"version-history":[{"count":4,"href":"https:\/\/www.one-it.ro\/blog\/wp-json\/wp\/v2\/posts\/3406\/revisions"}],"predecessor-version":[{"id":3413,"href":"https:\/\/www.one-it.ro\/blog\/wp-json\/wp\/v2\/posts\/3406\/revisions\/3413"}],"wp:featuredmedia":[{"embeddable":true,"href":"https:\/\/www.one-it.ro\/blog\/wp-json\/wp\/v2\/media\/3408"}],"wp:attachment":[{"href":"https:\/\/www.one-it.ro\/blog\/wp-json\/wp\/v2\/media?parent=3406"}],"wp:term":[{"taxonomy":"category","embeddable":true,"href":"https:\/\/www.one-it.ro\/blog\/wp-json\/wp\/v2\/categories?post=3406"},{"taxonomy":"post_tag","embeddable":true,"href":"https:\/\/www.one-it.ro\/blog\/wp-json\/wp\/v2\/tags?post=3406"}],"curies":[{"name":"wp","href":"https:\/\/api.w.org\/{rel}","templated":true}]}}